{"id":4929,"date":"2025-10-07T14:02:04","date_gmt":"2025-10-07T11:02:04","guid":{"rendered":"https:\/\/visitkerkonkoski.fi\/?p=4929"},"modified":"2025-10-10T09:53:14","modified_gmt":"2025-10-10T06:53:14","slug":"luonto-hiljaisuus-ja-elava-yhteiso-tekivat-vaikutuksen-saksalaisiin-vieraisiin","status":"publish","type":"post","link":"https:\/\/visitkerkonkoski.fi\/en\/luonto-hiljaisuus-ja-elava-yhteiso-tekivat-vaikutuksen-saksalaisiin-vieraisiin\/","title":{"rendered":"Nature, silence, and a vibrant community impressed German visitors"},"content":{"rendered":"<p>[et_pb_section fb_built=&#8221;1&#8243; fullwidth=&#8221;on&#8221; admin_label=&#8221;Page Header&#8221; _builder_version=&#8221;4.17.4&#8243; _module_preset=&#8221;default&#8221; background_color=&#8221;RGBA(255,255,255,0)&#8221; background_enable_image=&#8221;off&#8221; parallax=&#8221;on&#8221; animation_direction=&#8221;top&#8221; global_colors_info=&#8221;{}&#8221;][et_pb_fullwidth_header title=&#8221;Luonto, hiljaisuus ja el\u00e4v\u00e4 yhteis\u00f6 tekiv\u00e4t vaikutuksen saksalaisiin vieraisiin&#8221; background_overlay_color=&#8221;RGBA(255,255,255,0)&#8221; admin_label=&#8221;Hero Section&#8221; _builder_version=&#8221;4.23&#8243; _module_preset=&#8221;default&#8221; title_font=&#8221;Allerta|700|||||||&#8221; title_text_align=&#8221;center&#8221; title_text_color=&#8221;#ad4d35&#8243; title_font_size=&#8221;65px&#8221; title_line_height=&#8221;1.4em&#8221; content_font_size=&#8221;19px&#8221; subhead_font=&#8221;||||&#8221; background_color=&#8221;RGBA(255,255,255,0)&#8221; background_enable_image=&#8221;off&#8221; custom_button_one=&#8221;on&#8221; button_one_text_size=&#8221;16px&#8221; button_one_bg_color=&#8221;#6eba01&#8243; button_one_border_width=&#8221;2px&#8221; button_one_border_color=&#8221;#6eba01&#8243; button_one_border_radius=&#8221;0&#8243; button_one_letter_spacing=&#8221;2&#8243; button_one_font=&#8221;Montserrat|||on|&#8221; button_one_use_icon=&#8221;off&#8221; custom_button_two=&#8221;on&#8221; button_two_text_size=&#8221;16px&#8221; button_two_border_width=&#8221;2px&#8221; button_two_border_color=&#8221;#ffffff&#8221; button_two_border_radius=&#8221;0&#8243; button_two_letter_spacing=&#8221;2&#8243; button_two_font=&#8221;Montserrat|||on|&#8221; button_two_use_icon=&#8221;off&#8221; background_layout=&#8221;light&#8221; width=&#8221;100%&#8221; max_width=&#8221;100%&#8221; module_alignment=&#8221;left&#8221; custom_margin=&#8221;50px||||false|false&#8221; animation_style=&#8221;fade&#8221; title_font_size_tablet=&#8221;&#8221; title_font_size_phone=&#8221;34px&#8221; title_font_size_last_edited=&#8221;on|phone&#8221; title_letter_spacing_tablet=&#8221;&#8221; title_letter_spacing_phone=&#8221;-3px&#8221; title_letter_spacing_last_edited=&#8221;on|phone&#8221; button_one_text_color_hover=&#8221;#6eba01&#8243; button_two_text_color_hover=&#8221;#6eba01&#8243; button_one_border_color_hover=&#8221;#ffffff&#8221; button_two_border_color_hover=&#8221;#ffffff&#8221; button_one_border_radius_hover=&#8221;0&#8243; button_two_border_radius_hover=&#8221;0&#8243; button_one_letter_spacing_hover=&#8221;2&#8243; button_two_letter_spacing_hover=&#8221;2&#8243; button_one_bg_color_hover=&#8221;#ffffff&#8221; button_two_bg_color_hover=&#8221;#ffffff&#8221; locked=&#8221;off&#8221; global_colors_info=&#8221;{}&#8221; button_one_text_size__hover_enabled=&#8221;off&#8221; button_two_text_size__hover_enabled=&#8221;off&#8221; button_one_text_color__hover_enabled=&#8221;on&#8221; button_one_text_color__hover=&#8221;#6eba01&#8243; button_two_text_color__hover_enabled=&#8221;on&#8221; button_two_text_color__hover=&#8221;#6eba01&#8243; button_one_border_width__hover_enabled=&#8221;off&#8221; button_two_border_width__hover_enabled=&#8221;off&#8221; button_one_border_color__hover_enabled=&#8221;on&#8221; button_one_border_color__hover=&#8221;#ffffff&#8221; button_two_border_color__hover_enabled=&#8221;on&#8221; button_two_border_color__hover=&#8221;#ffffff&#8221; button_one_border_radius__hover_enabled=&#8221;on&#8221; button_one_border_radius__hover=&#8221;0&#8243; button_two_border_radius__hover_enabled=&#8221;on&#8221; button_two_border_radius__hover=&#8221;0&#8243; button_one_letter_spacing__hover_enabled=&#8221;on&#8221; button_one_letter_spacing__hover=&#8221;2&#8243; button_two_letter_spacing__hover_enabled=&#8221;on&#8221; button_two_letter_spacing__hover=&#8221;2&#8243; button_one_bg_color__hover_enabled=&#8221;on&#8221; button_one_bg_color__hover=&#8221;#ffffff&#8221; button_two_bg_color__hover_enabled=&#8221;on&#8221; button_two_bg_color__hover=&#8221;#ffffff&#8221; header_font_size_phone=&#8221;45px&#8221; header_font_size_last_edited=&#8221;on|phone&#8221; header_font_size_tablet=&#8221;65px&#8221;]<\/p>\n<h3><\/h3>\n<p>[\/et_pb_fullwidth_header][\/et_pb_section][et_pb_section fb_built=&#8221;1&#8243; _builder_version=&#8221;4.23&#8243; _module_preset=&#8221;default&#8221; global_colors_info=&#8221;{}&#8221;][et_pb_row _builder_version=&#8221;4.23&#8243; _module_preset=&#8221;default&#8221; global_colors_info=&#8221;{}&#8221;][et_pb_column type=&#8221;4_4&#8243; _builder_version=&#8221;4.23&#8243; _module_preset=&#8221;default&#8221; global_colors_info=&#8221;{}&#8221;][et_pb_image src=&#8221;https:\/\/visitkerkonkoski.fi\/wp-content\/uploads\/IMG20250831135733-scaled.jpg&#8221; alt=&#8221;Kerkonkoski Saunamaraton&#8221; title_text=&#8221;oplus_2&#8243; _builder_version=&#8221;4.23&#8243; _module_preset=&#8221;default&#8221; global_colors_info=&#8221;{}&#8221;][\/et_pb_image][\/et_pb_column][\/et_pb_row][\/et_pb_section][et_pb_section fb_built=&#8221;1&#8243; _builder_version=&#8221;4.17.4&#8243; _module_preset=&#8221;default&#8221; global_colors_info=&#8221;{}&#8221;][et_pb_row column_structure=&#8221;1_2,1_2&#8243; make_equal=&#8221;on&#8221; _builder_version=&#8221;4.23&#8243; _module_preset=&#8221;default&#8221; max_width=&#8221;1208px&#8221; min_height=&#8221;2200.4px&#8221; custom_margin=&#8221;-7px||||false|false&#8221; custom_padding=&#8221;9px||42px||false|false&#8221; global_colors_info=&#8221;{}&#8221;][et_pb_column type=&#8221;1_2&#8243; _builder_version=&#8221;4.17.4&#8243; _module_preset=&#8221;default&#8221; global_colors_info=&#8221;{}&#8221;][et_pb_text _builder_version=&#8221;4.17.4&#8243; _module_preset=&#8221;default&#8221; text_font=&#8221;Armata||||||||&#8221; global_colors_info=&#8221;{}&#8221;]<\/p>\n<p>At the end of August, Kerkonkoski welcomed some eagerly awaited guests from Germany, from the Westliches Weserbergland Leader group. The Kerkonkoski Travel Project working group visited Germany in March, and now it was time to welcome their new partners on a return visit to the heart of Savo.<\/p>\n<p>The group of five included employees of the Westliches Weserbergland Leader group, board members, and one municipal manager. Accommodation was arranged in a large cottage on the shore of Palvalahti, whose tranquility and lake views immediately impressed our guests.\u00a0<\/p>\n<p><strong>First encounter with Finland \u2013 salmon soup, sauna, and rowing boat<\/strong><\/p>\n<p>The first three guests arrived in Kerkonkoski late in the evening on August 27. The volunteers had prepared a warm welcome for them: traditional salmon soup, fresh rye bread, pickled cucumbers, and berry jelly. Markku heated up the wood-burning stove, and the guests immediately got to experience the essence of Finnish relaxation.<\/p>\n<p>Thursday's program began in Vanham\u00e4ki, Suonenjoki, where we set off on an off-road trip to the trails of Lintharju on electric bikes led by Tatu Laine. The forest landscapes, berries, and traces of the Ice Age aroused a lot of interest. The day was otherwise quiet, as the rest of the guests did not arrive until the evening. We had time for lunch in Vanham\u00e4ki, did some grocery shopping, and in the evening Astrid picked up the last two guests from the airport.<\/p>\n<p>In the evening, we enjoyed Karelian roast prepared by a former school cook at the cottage. The atmosphere was warm, and the guests were impressed by both the food and the hospitality of the villagers. At the end of the evening, J\u00f6rn and Marco were excited to try rowing on the dark lake.<\/p>\n<p><strong>Official meetings and culinary experiences<\/strong><\/p>\n<p>Friday was reserved for the more formal parts of the program. At the Rautalammi municipal office, we were welcomed by communications and culture coordinator Tiina Laitinen, municipal manager Anu Sepponen, and representatives of the Mansikka Development Association, executive director Kirsi Manninen and project advisor Elina Huerta. We heard about life in the municipality, Mansikka's projects, and Finnish association activities. The discussions also touched on the differences between Finland and Germany in terms of Leader work and the challenges of EU funding.<\/p>\n<p>Next, we headed to the K\u00e4pyl\u00e4 hut to learn about the forest kindergarten's activities under the guidance of Pekka Sepp\u00e4l\u00e4. In Germany, similar daycare centers are commonplace, so the visitors were interested to see how the concept has been implemented in Finland.<\/p>\n<p>We also had time to buy souvenirs: we visited a few flea markets and stopped by Artteli, a gift shop in Rautalammi. Lunch at Restaurant Ehdo was a culinary delight \u2013 the menu included vendace brioche, apple risotto, and blue cheese ice cream. We also heard stories about the history of the restaurant and the building.<\/p>\n<p>In the afternoon, museum lecturer Liisa Paakkunainen led the guests on a history tour of the Rautalammi Museum in German. The garden, created in collaboration with the local Martha Organization, was of particular interest. The tour continued to Rautalammi Church, guided by Jaana Lehtolahti, and from there to the Orthodox Church, where Esko Nikander talked about the church's traditions in German.<\/p>\n<p>We enjoyed pizza for dinner at Kerkonkosken Keita. We had a bit of luck during our walk in the harbor: the locals were fishing, and one of our guests, J\u00f6rn, got to try fishing for the first time in his life. After that, we stopped by the village hall in Seurala, where project worker Johanna Koponen told us about the village's projects and events.<\/p>\n<p>On Friday evening, Kerkonkoski celebrated Venetian carnival. The village was filled with light art and atmosphere \u2013 even an ancient figure appeared at Mylly to greet us. At the end of the evening, we told our guests to keep an eye on the night sky. Soon we received a message: the northern lights had been seen and captured on camera!<\/p>\n<p><strong>Art, local delicacies, and ancient fires <\/strong><\/p>\n<p>On Saturday, we headed to Pirkko Toiviainen's, aka Anna Wildrose's, art gallery. Pirkko told us about the background and techniques behind her works, after which the guests also got to try their hand at art. The men in particular laughed at their own attempts, but received lavish praise from Pirkko \u2013 and quite deservedly so.<\/p>\n<p><strong style=\"font-size: 16px;\"><\/strong><\/p>\n<p>[\/et_pb_text][\/et_pb_column][et_pb_column type=&#8221;1_2&#8243; _builder_version=&#8221;4.17.4&#8243; _module_preset=&#8221;default&#8221; global_colors_info=&#8221;{}&#8221;][et_pb_text _builder_version=&#8221;4.17.4&#8243; _module_preset=&#8221;default&#8221; text_font=&#8221;Armata||||||||&#8221; custom_margin=&#8221;5px||||false|false&#8221; global_colors_info=&#8221;{}&#8221;]<\/p>\n<p>After the art, a culinary experience awaited us at the Kiesim\u00e4 village association's cottage, where Seija, Saara, and Anna-Liisa served freshly baked Karelian pies, smoked vendace, and homemade berry juice, not to mention coffee and berry pie. During the coffee table discussions, a desire to visit a farm arose, and soon we were at the Markkanen farm getting to know the cows.<\/p>\n<p>In the evening, the program included a cruise to the South Konnevesi National Park. There were 15 of us volunteers and Germans in the group. During the trip, we stopped at Lapinsalo Island to admire the sunset. After returning to H\u00e4yryl\u00e4 Harbor, we continued the evening at Kerkonkoski Keita, where we danced, told stories, and laughed late into the night.<\/p>\n<p><strong><\/strong><\/p>\n<p><strong>Hiking, church boat rowing, and the secrets of the Northern Lights<\/strong><\/p>\n<p>On Sunday, we returned to Etel\u00e4-Konnevesi National Park, this time to go hiking with our guide Teijo Haapakoski. Although the previous evening's revelry weighed a little heavily on us, the climb up the mountain was rewarding and the views were magnificent.<\/p>\n<p>At the T\u00f6rm\u00e4l\u00e4 community center, we enjoyed a hearty lunch prepared by Sirpa, after which we headed to the shore for some church boat rowing. First mate Mikko Vauhkonen set the pace, and although there was little room for conversation while rowing, there was plenty of laughter.<\/p>\n<p>In the evening, another special program awaited us at Seurala: local northern lights expert Michael Passarge gave a talk about the northern lights. Michael lives with his spouse for part of the year in Kerkonkoski, on the shore of Lake Kiesim\u00e4j\u00e4rvi. He particularly enjoys Kerkonkoski during the dark season, as the Northern Lights are his passion. His enthusiasm was evident in his presentation to his fellow countrymen on the origins of the Northern Lights. We also saw a wonderful slide show of the Northern Lights seen in Kerkonkoski and elsewhere in the world.<\/p>\n<p><strong>The last day \u2013 art and farewells<\/strong><\/p>\n<p>On Monday, we headed to the ITE Aulis Museum in Suonenjoki. The collection produced by Aulis was breathtaking, and the guides brought the artist's world closer to us. It is wonderful that the artist's home has been converted into a museum, as it is truly unique. After the tour, we enjoyed lunch at the Vanham\u00e4ki restaurant and went souvenir shopping in Suonenjoki.<\/p>\n<p>The last dinner together was held at the Koipiniemi lean-to. Markku and Sirpa prepared a kotia dinner, and the villagers of Koipiniemi helped with the coffee brewing.<\/p>\n<p>The farewell was joyful but wistful, and there were tears at the departure. We are both grateful for everything we have experienced together this year \u2013 first on our project group's study trip to Germany and now on the Germans' return visit to Kerkonkoski.<\/p>\n<p>One of our guests said that they had come to Finland without any particular expectations, but soon realized that they had experienced something they could never have imagined. The beauty of nature, the surrounding silence, and the hospitality of the villagers made a real impression. For those of us who live here, it can sometimes be challenging to notice, let alone understand, what a paradise we live in.<\/p>\n<p>The visits gave us fresh perspectives, new ideas, and, above all, more enthusiasm for rural development. New friendships were formed along the way, and interest in rural areas in both Finland and Germany grew stronger. These are things that are difficult to measure, but whose value is all the greater for that.<\/p>\n<p>A warm thank you to the entire Matkaillen Kerkonkoskelle project team and everyone who participated in the program in any way! We have a wonderful region and wonderful people!<\/p>\n<p><a href=\"https:\/\/visitkerkonkoski.fi\/en\/tutustumismatka-saksaan\/\">You can read about our trip to Germany here. <\/a>Our partner's account of the same trip in German <a href=\"https:\/\/www.leader-westliches-weserbergland.eu\/portal\/meldungen\/leader-besuch-aus-finnland-900000566-33910.html?rubrik=900000026\">here<\/a><\/p>\n<p>&nbsp;<\/p>\n<p><em>The text was written by project worker Johanna Koponen.<\/em><\/p>\n<p><strong><em>The Traveling to Kerkonkoski project has received EU rural development funding through the Mansikka Development Association.<\/em><\/strong><\/p>\n<p><em><\/em><\/p>\n<p>[\/et_pb_text][\/et_pb_column][\/et_pb_row][et_pb_row _builder_version=&#8221;4.23&#8243; _module_preset=&#8221;default&#8221; global_colors_info=&#8221;{}&#8221;][et_pb_column type=&#8221;4_4&#8243; _builder_version=&#8221;4.23&#8243; _module_preset=&#8221;default&#8221; global_colors_info=&#8221;{}&#8221;][et_pb_gallery gallery_ids=&#8221;3490,4944,4945,4941,4946,4947,4948,4949,4950,4951,4952,4953,4954,4955,4956,4957,4958,4959,4960,4961,4962,4963,4964,4940,4965,4966,4943,4942&#8243; posts_number=&#8221;16&#8243; show_title_and_caption=&#8221;off&#8221; _builder_version=&#8221;4.23&#8243; _module_preset=&#8221;default&#8221; global_colors_info=&#8221;{}&#8221;][\/et_pb_gallery][\/et_pb_column][\/et_pb_row][\/et_pb_section]<\/p>","protected":false},"excerpt":{"rendered":"<p>Elokuun lopulla Kerkonkoski sai odotettuja vieraita Saksasta, Westliches Weserberglandin Leader-ryhm\u00e4n alueelta. Matkaillen Kerkonkoskelle- hankkeen ty\u00f6ryhm\u00e4 vieraili Saksassa maaliskuussa ja nyt oli aika saada tuoreet yhteisty\u00f6kumppanit vastavierailulle Savon syd\u00e4meen. Mukana viiden [&hellip;]<\/p>","protected":false},"author":4,"featured_media":4939,"comment_status":"closed","ping_status":"closed","sticky":false,"template":"","format":"standard","meta":{"_et_pb_use_builder":"on","_et_pb_old_content":"","_et_gb_content_width":"1139","_monsterinsights_skip_tracking":false,"_monsterinsights_sitenote_active":false,"_monsterinsights_sitenote_note":"","_monsterinsights_sitenote_category":0,"footnotes":""},"categories":[28],"tags":[],"class_list":["post-4929","post","type-post","status-publish","format-standard","has-post-thumbnail","hentry","category-blogi"],"yoast_head":"<!-- This site is optimized with the Yoast SEO plugin v26.5 - https:\/\/yoast.com\/wordpress\/plugins\/seo\/ -->\n<title>Luonto, hiljaisuus ja el\u00e4v\u00e4 yhteis\u00f6 tekiv\u00e4t vaikutuksen saksalaisiin vieraisiin - Visit Kerkonkoski<\/title>\n<meta name=\"robots\" content=\"index, follow, max-snippet:-1, max-image-preview:large, max-video-preview:-1\" \/>\n<link rel=\"canonical\" href=\"https:\/\/visitkerkonkoski.fi\/en\/luonto-hiljaisuus-ja-elava-yhteiso-tekivat-vaikutuksen-saksalaisiin-vieraisiin\/\" \/>\n<meta property=\"og:locale\" content=\"en_US\" \/>\n<meta property=\"og:type\" content=\"article\" \/>\n<meta property=\"og:title\" content=\"Luonto, hiljaisuus ja el\u00e4v\u00e4 yhteis\u00f6 tekiv\u00e4t vaikutuksen saksalaisiin vieraisiin - Visit Kerkonkoski\" \/>\n<meta property=\"og:description\" content=\"Elokuun lopulla Kerkonkoski sai odotettuja vieraita Saksasta, Westliches Weserberglandin Leader-ryhm\u00e4n alueelta. Matkaillen Kerkonkoskelle- hankkeen ty\u00f6ryhm\u00e4 vieraili Saksassa maaliskuussa ja nyt oli aika saada tuoreet yhteisty\u00f6kumppanit vastavierailulle Savon syd\u00e4meen. Mukana viiden [&hellip;]\" \/>\n<meta property=\"og:url\" content=\"https:\/\/visitkerkonkoski.fi\/en\/luonto-hiljaisuus-ja-elava-yhteiso-tekivat-vaikutuksen-saksalaisiin-vieraisiin\/\" \/>\n<meta property=\"og:site_name\" content=\"Visit Kerkonkoski\" \/>\n<meta property=\"article:published_time\" content=\"2025-10-07T11:02:04+00:00\" \/>\n<meta property=\"article:modified_time\" content=\"2025-10-10T06:53:14+00:00\" \/>\n<meta property=\"og:image\" content=\"https:\/\/visitkerkonkoski.fi\/wp-content\/uploads\/IMG20250831135733-scaled.jpg\" \/>\n\t<meta property=\"og:image:width\" content=\"2560\" \/>\n\t<meta property=\"og:image:height\" content=\"1920\" \/>\n\t<meta property=\"og:image:type\" content=\"image\/jpeg\" \/>\n<meta name=\"author\" content=\"Johanna Koponen\" \/>\n<meta name=\"twitter:card\" content=\"summary_large_image\" \/>\n<meta name=\"twitter:label1\" content=\"Written by\" \/>\n\t<meta name=\"twitter:data1\" content=\"Johanna Koponen\" \/>\n\t<meta name=\"twitter:label2\" content=\"Est. reading time\" \/>\n\t<meta name=\"twitter:data2\" content=\"11 minutes\" \/>\n<script type=\"application\/ld+json\" class=\"yoast-schema-graph\">{\"@context\":\"https:\/\/schema.org\",\"@graph\":[{\"@type\":\"WebPage\",\"@id\":\"https:\/\/visitkerkonkoski.fi\/luonto-hiljaisuus-ja-elava-yhteiso-tekivat-vaikutuksen-saksalaisiin-vieraisiin\/\",\"url\":\"https:\/\/visitkerkonkoski.fi\/luonto-hiljaisuus-ja-elava-yhteiso-tekivat-vaikutuksen-saksalaisiin-vieraisiin\/\",\"name\":\"Luonto, hiljaisuus ja el\u00e4v\u00e4 yhteis\u00f6 tekiv\u00e4t vaikutuksen saksalaisiin vieraisiin - Visit Kerkonkoski\",\"isPartOf\":{\"@id\":\"https:\/\/visitkerkonkoski.fi\/#website\"},\"primaryImageOfPage\":{\"@id\":\"https:\/\/visitkerkonkoski.fi\/luonto-hiljaisuus-ja-elava-yhteiso-tekivat-vaikutuksen-saksalaisiin-vieraisiin\/#primaryimage\"},\"image\":{\"@id\":\"https:\/\/visitkerkonkoski.fi\/luonto-hiljaisuus-ja-elava-yhteiso-tekivat-vaikutuksen-saksalaisiin-vieraisiin\/#primaryimage\"},\"thumbnailUrl\":\"https:\/\/visitkerkonkoski.fi\/wp-content\/uploads\/IMG20250831135733-scaled.jpg\",\"datePublished\":\"2025-10-07T11:02:04+00:00\",\"dateModified\":\"2025-10-10T06:53:14+00:00\",\"author\":{\"@id\":\"https:\/\/visitkerkonkoski.fi\/#\/schema\/person\/2a6b9502ab444e47888ecc25e25019bc\"},\"breadcrumb\":{\"@id\":\"https:\/\/visitkerkonkoski.fi\/luonto-hiljaisuus-ja-elava-yhteiso-tekivat-vaikutuksen-saksalaisiin-vieraisiin\/#breadcrumb\"},\"inLanguage\":\"en-US\",\"potentialAction\":[{\"@type\":\"ReadAction\",\"target\":[\"https:\/\/visitkerkonkoski.fi\/luonto-hiljaisuus-ja-elava-yhteiso-tekivat-vaikutuksen-saksalaisiin-vieraisiin\/\"]}]},{\"@type\":\"ImageObject\",\"inLanguage\":\"en-US\",\"@id\":\"https:\/\/visitkerkonkoski.fi\/luonto-hiljaisuus-ja-elava-yhteiso-tekivat-vaikutuksen-saksalaisiin-vieraisiin\/#primaryimage\",\"url\":\"https:\/\/visitkerkonkoski.fi\/wp-content\/uploads\/IMG20250831135733-scaled.jpg\",\"contentUrl\":\"https:\/\/visitkerkonkoski.fi\/wp-content\/uploads\/IMG20250831135733-scaled.jpg\",\"width\":2560,\"height\":1920,\"caption\":\"oplus_2\"},{\"@type\":\"BreadcrumbList\",\"@id\":\"https:\/\/visitkerkonkoski.fi\/luonto-hiljaisuus-ja-elava-yhteiso-tekivat-vaikutuksen-saksalaisiin-vieraisiin\/#breadcrumb\",\"itemListElement\":[{\"@type\":\"ListItem\",\"position\":1,\"name\":\"Etusivu\",\"item\":\"https:\/\/visitkerkonkoski.fi\/\"},{\"@type\":\"ListItem\",\"position\":2,\"name\":\"Luonto, hiljaisuus ja el\u00e4v\u00e4 yhteis\u00f6 tekiv\u00e4t vaikutuksen saksalaisiin vieraisiin\"}]},{\"@type\":\"WebSite\",\"@id\":\"https:\/\/visitkerkonkoski.fi\/#website\",\"url\":\"https:\/\/visitkerkonkoski.fi\/\",\"name\":\"Visit Kerkonkoski\",\"description\":\"Kerkonkosken virallinen matkailusivusto\",\"potentialAction\":[{\"@type\":\"SearchAction\",\"target\":{\"@type\":\"EntryPoint\",\"urlTemplate\":\"https:\/\/visitkerkonkoski.fi\/?s={search_term_string}\"},\"query-input\":{\"@type\":\"PropertyValueSpecification\",\"valueRequired\":true,\"valueName\":\"search_term_string\"}}],\"inLanguage\":\"en-US\"},{\"@type\":\"Person\",\"@id\":\"https:\/\/visitkerkonkoski.fi\/#\/schema\/person\/2a6b9502ab444e47888ecc25e25019bc\",\"name\":\"Johanna Koponen\",\"url\":\"https:\/\/visitkerkonkoski.fi\/en\/author\/johanna\/\"}]}<\/script>\n<!-- \/ Yoast SEO plugin. -->","yoast_head_json":{"title":"Luonto, hiljaisuus ja el\u00e4v\u00e4 yhteis\u00f6 tekiv\u00e4t vaikutuksen saksalaisiin vieraisiin - Visit Kerkonkoski","robots":{"index":"index","follow":"follow","max-snippet":"max-snippet:-1","max-image-preview":"max-image-preview:large","max-video-preview":"max-video-preview:-1"},"canonical":"https:\/\/visitkerkonkoski.fi\/en\/luonto-hiljaisuus-ja-elava-yhteiso-tekivat-vaikutuksen-saksalaisiin-vieraisiin\/","og_locale":"en_US","og_type":"article","og_title":"Luonto, hiljaisuus ja el\u00e4v\u00e4 yhteis\u00f6 tekiv\u00e4t vaikutuksen saksalaisiin vieraisiin - Visit Kerkonkoski","og_description":"Elokuun lopulla Kerkonkoski sai odotettuja vieraita Saksasta, Westliches Weserberglandin Leader-ryhm\u00e4n alueelta. Matkaillen Kerkonkoskelle- hankkeen ty\u00f6ryhm\u00e4 vieraili Saksassa maaliskuussa ja nyt oli aika saada tuoreet yhteisty\u00f6kumppanit vastavierailulle Savon syd\u00e4meen. Mukana viiden [&hellip;]","og_url":"https:\/\/visitkerkonkoski.fi\/en\/luonto-hiljaisuus-ja-elava-yhteiso-tekivat-vaikutuksen-saksalaisiin-vieraisiin\/","og_site_name":"Visit Kerkonkoski","article_published_time":"2025-10-07T11:02:04+00:00","article_modified_time":"2025-10-10T06:53:14+00:00","og_image":[{"width":2560,"height":1920,"url":"https:\/\/visitkerkonkoski.fi\/wp-content\/uploads\/IMG20250831135733-scaled.jpg","type":"image\/jpeg"}],"author":"Johanna Koponen","twitter_card":"summary_large_image","twitter_misc":{"Written by":"Johanna Koponen","Est. reading time":"11 minutes"},"schema":{"@context":"https:\/\/schema.org","@graph":[{"@type":"WebPage","@id":"https:\/\/visitkerkonkoski.fi\/luonto-hiljaisuus-ja-elava-yhteiso-tekivat-vaikutuksen-saksalaisiin-vieraisiin\/","url":"https:\/\/visitkerkonkoski.fi\/luonto-hiljaisuus-ja-elava-yhteiso-tekivat-vaikutuksen-saksalaisiin-vieraisiin\/","name":"Luonto, hiljaisuus ja el\u00e4v\u00e4 yhteis\u00f6 tekiv\u00e4t vaikutuksen saksalaisiin vieraisiin - Visit Kerkonkoski","isPartOf":{"@id":"https:\/\/visitkerkonkoski.fi\/#website"},"primaryImageOfPage":{"@id":"https:\/\/visitkerkonkoski.fi\/luonto-hiljaisuus-ja-elava-yhteiso-tekivat-vaikutuksen-saksalaisiin-vieraisiin\/#primaryimage"},"image":{"@id":"https:\/\/visitkerkonkoski.fi\/luonto-hiljaisuus-ja-elava-yhteiso-tekivat-vaikutuksen-saksalaisiin-vieraisiin\/#primaryimage"},"thumbnailUrl":"https:\/\/visitkerkonkoski.fi\/wp-content\/uploads\/IMG20250831135733-scaled.jpg","datePublished":"2025-10-07T11:02:04+00:00","dateModified":"2025-10-10T06:53:14+00:00","author":{"@id":"https:\/\/visitkerkonkoski.fi\/#\/schema\/person\/2a6b9502ab444e47888ecc25e25019bc"},"breadcrumb":{"@id":"https:\/\/visitkerkonkoski.fi\/luonto-hiljaisuus-ja-elava-yhteiso-tekivat-vaikutuksen-saksalaisiin-vieraisiin\/#breadcrumb"},"inLanguage":"en-US","potentialAction":[{"@type":"ReadAction","target":["https:\/\/visitkerkonkoski.fi\/luonto-hiljaisuus-ja-elava-yhteiso-tekivat-vaikutuksen-saksalaisiin-vieraisiin\/"]}]},{"@type":"ImageObject","inLanguage":"en-US","@id":"https:\/\/visitkerkonkoski.fi\/luonto-hiljaisuus-ja-elava-yhteiso-tekivat-vaikutuksen-saksalaisiin-vieraisiin\/#primaryimage","url":"https:\/\/visitkerkonkoski.fi\/wp-content\/uploads\/IMG20250831135733-scaled.jpg","contentUrl":"https:\/\/visitkerkonkoski.fi\/wp-content\/uploads\/IMG20250831135733-scaled.jpg","width":2560,"height":1920,"caption":"oplus_2"},{"@type":"BreadcrumbList","@id":"https:\/\/visitkerkonkoski.fi\/luonto-hiljaisuus-ja-elava-yhteiso-tekivat-vaikutuksen-saksalaisiin-vieraisiin\/#breadcrumb","itemListElement":[{"@type":"ListItem","position":1,"name":"Etusivu","item":"https:\/\/visitkerkonkoski.fi\/"},{"@type":"ListItem","position":2,"name":"Luonto, hiljaisuus ja el\u00e4v\u00e4 yhteis\u00f6 tekiv\u00e4t vaikutuksen saksalaisiin vieraisiin"}]},{"@type":"WebSite","@id":"https:\/\/visitkerkonkoski.fi\/#website","url":"https:\/\/visitkerkonkoski.fi\/","name":"Visit Kerkonkoski","description":"Kerkonkosken virallinen matkailusivusto","potentialAction":[{"@type":"SearchAction","target":{"@type":"EntryPoint","urlTemplate":"https:\/\/visitkerkonkoski.fi\/?s={search_term_string}"},"query-input":{"@type":"PropertyValueSpecification","valueRequired":true,"valueName":"search_term_string"}}],"inLanguage":"en-US"},{"@type":"Person","@id":"https:\/\/visitkerkonkoski.fi\/#\/schema\/person\/2a6b9502ab444e47888ecc25e25019bc","name":"Johanna Koponen","url":"https:\/\/visitkerkonkoski.fi\/en\/author\/johanna\/"}]}},"_links":{"self":[{"href":"https:\/\/visitkerkonkoski.fi\/en\/wp-json\/wp\/v2\/posts\/4929","targetHints":{"allow":["GET"]}}],"collection":[{"href":"https:\/\/visitkerkonkoski.fi\/en\/wp-json\/wp\/v2\/posts"}],"about":[{"href":"https:\/\/visitkerkonkoski.fi\/en\/wp-json\/wp\/v2\/types\/post"}],"author":[{"embeddable":true,"href":"https:\/\/visitkerkonkoski.fi\/en\/wp-json\/wp\/v2\/users\/4"}],"replies":[{"embeddable":true,"href":"https:\/\/visitkerkonkoski.fi\/en\/wp-json\/wp\/v2\/comments?post=4929"}],"version-history":[{"count":16,"href":"https:\/\/visitkerkonkoski.fi\/en\/wp-json\/wp\/v2\/posts\/4929\/revisions"}],"predecessor-version":[{"id":4981,"href":"https:\/\/visitkerkonkoski.fi\/en\/wp-json\/wp\/v2\/posts\/4929\/revisions\/4981"}],"wp:featuredmedia":[{"embeddable":true,"href":"https:\/\/visitkerkonkoski.fi\/en\/wp-json\/wp\/v2\/media\/4939"}],"wp:attachment":[{"href":"https:\/\/visitkerkonkoski.fi\/en\/wp-json\/wp\/v2\/media?parent=4929"}],"wp:term":[{"taxonomy":"category","embeddable":true,"href":"https:\/\/visitkerkonkoski.fi\/en\/wp-json\/wp\/v2\/categories?post=4929"},{"taxonomy":"post_tag","embeddable":true,"href":"https:\/\/visitkerkonkoski.fi\/en\/wp-json\/wp\/v2\/tags?post=4929"}],"curies":[{"name":"wp","href":"https:\/\/api.w.org\/{rel}","templated":true}]}}