{"id":515,"date":"2022-07-12T19:35:13","date_gmt":"2022-07-12T19:35:13","guid":{"rendered":"https:\/\/visitkerkonkoski.fi\/?p=515"},"modified":"2025-04-22T14:40:37","modified_gmt":"2025-04-22T11:40:37","slug":"kiesiman-kylayhdistyksen-mokki","status":"publish","type":"post","link":"https:\/\/visitkerkonkoski.fi\/en\/kiesiman-kylayhdistyksen-mokki\/","title":{"rendered":"Kiesim\u00e4 village association cottage"},"content":{"rendered":"<p>[et_pb_section fb_built=&#8221;1&#8243; fullwidth=&#8221;on&#8221; admin_label=&#8221;Page Header&#8221; _builder_version=&#8221;4.17.4&#8243; _module_preset=&#8221;default&#8221; background_enable_color=&#8221;off&#8221; background_image=&#8221;https:\/\/visitkerkonkoski.fi\/wp-content\/uploads\/kiesiman-mokki-scaled.jpg&#8221; background_blend=&#8221;darken&#8221; filter_brightness=&#8221;80%&#8221; filter_contrast=&#8221;98%&#8221; global_colors_info=&#8221;{}&#8221;][et_pb_fullwidth_header title=&#8221;Kiesim\u00e4n kyl\u00e4yhdistyksen m\u00f6kki&#8221; text_orientation=&#8221;center&#8221; button_one_text=&#8221;SIJAINTI&#8221; button_one_url=&#8221;https:\/\/goo.gl\/maps\/WhfLBhk1UkicxSUm9&#8243; button_two_url=&#8221;#&#8221; admin_label=&#8221;Hero Section&#8221; _builder_version=&#8221;4.17.4&#8243; _module_preset=&#8221;default&#8221; title_font=&#8221;Allerta|700|||||||&#8221; title_font_size=&#8221;60px&#8221; title_letter_spacing=&#8221;-2px&#8221; title_line_height=&#8221;1.4em&#8221; content_font=&#8221;Armata||||||||&#8221; content_font_size=&#8221;22px&#8221; subhead_font=&#8221;Armata||||||||&#8221; background_color=&#8221;rgba(255, 255, 255, 0)&#8221; custom_button_one=&#8221;on&#8221; button_one_text_size=&#8221;16px&#8221; button_one_bg_color=&#8221;#6eba01&#8243; button_one_border_width=&#8221;2px&#8221; button_one_border_color=&#8221;#6eba01&#8243; button_one_border_radius=&#8221;0&#8243; button_one_letter_spacing=&#8221;2&#8243; button_one_font=&#8221;Montserrat|||on|&#8221; button_one_use_icon=&#8221;off&#8221; custom_button_two=&#8221;on&#8221; button_two_text_size=&#8221;16px&#8221; button_two_border_width=&#8221;2px&#8221; button_two_border_color=&#8221;#ffffff&#8221; button_two_border_radius=&#8221;0&#8243; button_two_letter_spacing=&#8221;2&#8243; button_two_font=&#8221;Montserrat|||on|&#8221; button_two_use_icon=&#8221;off&#8221; module_alignment=&#8221;left&#8221; custom_margin=&#8221;|||&#8221; custom_padding=&#8221;74px||120px|||&#8221; animation_style=&#8221;fade&#8221; link_option_url_new_window=&#8221;on&#8221; title_font_size_tablet=&#8221;60px&#8221; title_font_size_phone=&#8221;25px&#8221; title_font_size_last_edited=&#8221;on|phone&#8221; content_font_size_tablet=&#8221;22px&#8221; content_font_size_phone=&#8221;20px&#8221; content_font_size_last_edited=&#8221;on|phone&#8221; title_text_shadow_style=&#8221;preset3&#8243; title_text_shadow_horizontal_length=&#8221;0.01em&#8221; content_text_shadow_style=&#8221;preset3&#8243; content_text_shadow_horizontal_length=&#8221;0.03em&#8221; content_text_shadow_blur_strength=&#8221;0.71em&#8221; button_one_text_color_hover=&#8221;#6eba01&#8243; button_two_text_color_hover=&#8221;#6eba01&#8243; button_one_border_color_hover=&#8221;#ffffff&#8221; button_two_border_color_hover=&#8221;#ffffff&#8221; button_one_border_radius_hover=&#8221;0&#8243; button_two_border_radius_hover=&#8221;0&#8243; button_one_letter_spacing_hover=&#8221;2&#8243; button_two_letter_spacing_hover=&#8221;2&#8243; button_one_bg_color_hover=&#8221;#ffffff&#8221; button_two_bg_color_hover=&#8221;#ffffff&#8221; global_colors_info=&#8221;{}&#8221; button_one_text_size__hover_enabled=&#8221;off&#8221; button_two_text_size__hover_enabled=&#8221;off&#8221; button_one_text_color__hover_enabled=&#8221;on&#8221; button_one_text_color__hover=&#8221;#6eba01&#8243; button_two_text_color__hover_enabled=&#8221;on&#8221; button_two_text_color__hover=&#8221;#6eba01&#8243; button_one_border_width__hover_enabled=&#8221;off&#8221; button_two_border_width__hover_enabled=&#8221;off&#8221; button_one_border_color__hover_enabled=&#8221;on&#8221; button_one_border_color__hover=&#8221;#ffffff&#8221; button_two_border_color__hover_enabled=&#8221;on&#8221; button_two_border_color__hover=&#8221;#ffffff&#8221; button_one_border_radius__hover_enabled=&#8221;on&#8221; button_one_border_radius__hover=&#8221;0&#8243; button_two_border_radius__hover_enabled=&#8221;on&#8221; button_two_border_radius__hover=&#8221;0&#8243; button_one_letter_spacing__hover_enabled=&#8221;on&#8221; button_one_letter_spacing__hover=&#8221;2&#8243; button_two_letter_spacing__hover_enabled=&#8221;on&#8221; button_two_letter_spacing__hover=&#8221;2&#8243; button_one_bg_color__hover_enabled=&#8221;on&#8221; button_one_bg_color__hover=&#8221;#ffffff&#8221; button_two_bg_color__hover_enabled=&#8221;on&#8221; button_two_bg_color__hover=&#8221;#ffffff&#8221;]<\/p>\n<h3>Perinteist\u00e4 suomalaista m\u00f6kkimajoitusta kuvakauniin\u00a0Kiesim\u00e4j\u00e4rven rannalla.<\/h3>\n<h3><\/h3>\n<p>[\/et_pb_fullwidth_header][\/et_pb_section][et_pb_section fb_built=&#8221;1&#8243; _builder_version=&#8221;4.17.4&#8243; _module_preset=&#8221;default&#8221; min_height=&#8221;386.6px&#8221; custom_padding=&#8221;42px|||||&#8221; global_colors_info=&#8221;{}&#8221;][et_pb_row column_structure=&#8221;1_2,1_2&#8243; _builder_version=&#8221;4.17.4&#8243; _module_preset=&#8221;default&#8221; custom_padding=&#8221;21px||22px|||&#8221; locked=&#8221;off&#8221; global_colors_info=&#8221;{}&#8221;][et_pb_column type=&#8221;1_2&#8243; _builder_version=&#8221;4.17.4&#8243; _module_preset=&#8221;default&#8221; global_colors_info=&#8221;{}&#8221;][et_pb_image src=&#8221;https:\/\/visitkerkonkoski.fi\/wp-content\/uploads\/Kiesima-maisema.jpg&#8221; title_text=&#8221;Kiesim\u00e4 maisema&#8221; _builder_version=&#8221;4.17.4&#8243; _module_preset=&#8221;default&#8221; global_colors_info=&#8221;{}&#8221;][\/et_pb_image][\/et_pb_column][et_pb_column type=&#8221;1_2&#8243; _builder_version=&#8221;4.17.4&#8243; _module_preset=&#8221;default&#8221; global_colors_info=&#8221;{}&#8221;][et_pb_image src=&#8221;https:\/\/visitkerkonkoski.fi\/wp-content\/uploads\/Kiesima-sisatilat.jpg&#8221; title_text=&#8221;Kiesim\u00e4 sis\u00e4tilat&#8221; _builder_version=&#8221;4.17.4&#8243; _module_preset=&#8221;default&#8221; global_colors_info=&#8221;{}&#8221;][\/et_pb_image][\/et_pb_column][\/et_pb_row][et_pb_row column_structure=&#8221;1_2,1_2&#8243; _builder_version=&#8221;4.17.4&#8243; _module_preset=&#8221;default&#8221; global_colors_info=&#8221;{}&#8221;][et_pb_column type=&#8221;1_2&#8243; _builder_version=&#8221;4.17.4&#8243; _module_preset=&#8221;default&#8221; global_colors_info=&#8221;{}&#8221;][et_pb_text _builder_version=&#8221;4.17.4&#8243; _module_preset=&#8221;default&#8221; text_font=&#8221;Armata||||||||&#8221; width=&#8221;100%&#8221; global_colors_info=&#8221;{}&#8221;]<\/p>\n<p style=\"font-weight: 400;\"><strong><span style=\"color: #ad4d35;\">Moni on viett\u00e4nyt lapsuuden kesi\u00e4\u00e4n Kiesim\u00e4n m\u00f6kin kaltaisessa tunnelmassa. M\u00f6kki sijaitsee aivan Kiesim\u00e4n kanavan l\u00e4heisyydess\u00e4, kauniin Kiesim\u00e4n rannalla.<\/span><\/strong><\/p>\n<p>Hinnat: 220\u20ac\/vko, 100\u20ac\/vkl, 40\u20ac\/vrk<\/p>\n<p>Tuotto menee kyl\u00e4yhdistyksen hyv\u00e4ksi sek\u00e4 m\u00f6kin yll\u00e4pitoon.<\/p>\n<p><strong><span style=\"color: #ad4d35;\">Tiedustelut ja varaukset:<br \/>Seija Karhu, Kiesim\u00e4n kyl\u00e4yhdistys<br \/>p. 040 734 1346<\/span><\/strong><\/p>\n<p><strong style=\"font-size: 16px;\">Et\u00e4isyydet<\/strong><\/p>\n<ul>\n<li>\n<p><span style=\"font-size: 16px;\">Kiesim\u00e4n kanava 250m<\/span><\/p>\n<\/li>\n<li>\n<p><span style=\"font-size: 16px;\"><\/span><span style=\"font-size: 16px;\">Kerkonkoski 13km (mm. kyl\u00e4kauppa ja kes\u00e4ravintola)<\/span><\/p>\n<\/li>\n<li>\n<p><span style=\"font-size: 16px;\"><\/span><span style=\"font-size: 16px;\">Rautalampi 26km<\/span><\/p>\n<\/li>\n<li>Kansallispuistoon 29 km<\/li>\n<li>Kuopio 90 km<\/li>\n<li>Jyv\u00e4skyl\u00e4 100 km<\/li>\n<\/ul>\n<p>[\/et_pb_text][\/et_pb_column][et_pb_column type=&#8221;1_2&#8243; _builder_version=&#8221;4.17.4&#8243; _module_preset=&#8221;default&#8221; global_colors_info=&#8221;{}&#8221;][et_pb_text _builder_version=&#8221;4.17.4&#8243; _module_preset=&#8221;default&#8221; text_font=&#8221;Armata||||||||&#8221; global_colors_info=&#8221;{}&#8221;]<\/p>\n<h3><strong style=\"font-size: 16px; color: #666666;\">M\u00f6kin varustus on vaatimaton, mutta oikein riitt\u00e4v\u00e4 onnistuneeseen m\u00f6kkilomaan:<\/strong><\/h3>\n<p><strong><\/strong><\/p>\n<ul>\n<li>Vuokrattavana p\u00e4\u00e4asiallisesti kes\u00e4aikaan<\/li>\n<li>Tilat: tupakeitti\u00f6, jossa takka ja makuuparvi, sis\u00e4vessa, sauna ja pukuhuone. Tupaan mahtuu 2+4 y\u00f6pyj\u00e4\u00e4. Kes\u00e4k\u00e4yt\u00f6ss\u00e4 kaksi pient\u00e4 makuuaittaa, joissa yhteens\u00e4 8 makuupaikkaa.<\/li>\n<li>S\u00e4hk\u00f6t ja juokseva vesi<\/li>\n<li>Uuni ja keraaminen liesi<\/li>\n<li>J\u00e4\u00e4kaappi ja pakastin<\/li>\n<li>Mikroaaltouuni<\/li>\n<li>Kahvinkeitin<\/li>\n<li>Astiat<\/li>\n<li>Takka &amp; ilmal\u00e4mp\u00f6pumppu<\/li>\n<li>Saunan yhteydess\u00e4 suihku<\/li>\n<li>Puul\u00e4mmitteinen sauna<\/li>\n<li>Erillinen sis\u00e4-wc<\/li>\n<li>Nuotiopaikka<\/li>\n<li>Soutuvene sek\u00e4 oikeus verkkokalastukseen sis\u00e4ltyy vuokraan<\/li>\n<\/ul>\n<p>[\/et_pb_text][\/et_pb_column][\/et_pb_row][et_pb_row _builder_version=&#8221;4.23&#8243; _module_preset=&#8221;default&#8221; global_colors_info=&#8221;{}&#8221;][et_pb_column type=&#8221;4_4&#8243; _builder_version=&#8221;4.23&#8243; _module_preset=&#8221;default&#8221; global_colors_info=&#8221;{}&#8221;][et_pb_button button_url=&#8221;https:\/\/www.facebook.com\/groups\/171930074353&#8243; button_text=&#8221;Kiesim\u00e4n Facebook- ryhm\u00e4&#8221; button_alignment=&#8221;center&#8221; _builder_version=&#8221;4.23&#8243; _module_preset=&#8221;default&#8221; custom_button=&#8221;on&#8221; button_text_size=&#8221;25px&#8221; button_bg_color=&#8221;#ad4d35&#8243; locked=&#8221;off&#8221; global_colors_info=&#8221;{}&#8221;][\/et_pb_button][\/et_pb_column][\/et_pb_row][et_pb_row _builder_version=&#8221;4.17.4&#8243; _module_preset=&#8221;default&#8221; locked=&#8221;off&#8221; global_colors_info=&#8221;{}&#8221;][et_pb_column type=&#8221;4_4&#8243; _builder_version=&#8221;4.17.4&#8243; _module_preset=&#8221;default&#8221; global_colors_info=&#8221;{}&#8221;][et_pb_gallery gallery_ids=&#8221;1422,1556,4446,1551,4447,1423,1552,1420,1404,1409,1322,1324&#8243; posts_number=&#8221;16&#8243; show_title_and_caption=&#8221;off&#8221; _builder_version=&#8221;4.23&#8243; _module_preset=&#8221;default&#8221; hover_enabled=&#8221;0&#8243; locked=&#8221;off&#8221; global_colors_info=&#8221;{}&#8221; sticky_enabled=&#8221;0&#8243;][\/et_pb_gallery][\/et_pb_column][\/et_pb_row][\/et_pb_section]<\/p>","protected":false},"excerpt":{"rendered":"<p>Perinteist\u00e4 suomalaista m\u00f6kkimajoitusta kuvakauniin\u00a0Kiesim\u00e4j\u00e4rven rannalla. Moni on viett\u00e4nyt lapsuuden kesi\u00e4\u00e4n Kiesim\u00e4n m\u00f6kin kaltaisessa tunnelmassa. M\u00f6kki sijaitsee aivan Kiesim\u00e4n kanavan l\u00e4heisyydess\u00e4, kauniin Kiesim\u00e4n rannalla. Hinnat: 220\u20ac\/vko, 100\u20ac\/vkl, 40\u20ac\/vrk Tuotto menee kyl\u00e4yhdistyksen [&hellip;]<\/p>","protected":false},"author":1,"featured_media":0,"comment_status":"closed","ping_status":"closed","sticky":false,"template":"","format":"standard","meta":{"_et_pb_use_builder":"on","_et_pb_old_content":"","_et_gb_content_width":"1107","_monsterinsights_skip_tracking":false,"_monsterinsights_sitenote_active":false,"_monsterinsights_sitenote_note":"","_monsterinsights_sitenote_category":0,"footnotes":""},"categories":[13],"tags":[],"class_list":["post-515","post","type-post","status-publish","format-standard","hentry","category-majoitus"],"yoast_head":"<!-- This site is optimized with the Yoast SEO plugin v26.5 - https:\/\/yoast.com\/wordpress\/plugins\/seo\/ -->\n<title>Kiesim\u00e4n kyl\u00e4yhdistyksen m\u00f6kki - Visit Kerkonkoski<\/title>\n<meta name=\"robots\" content=\"index, follow, max-snippet:-1, max-image-preview:large, max-video-preview:-1\" \/>\n<link rel=\"canonical\" href=\"https:\/\/visitkerkonkoski.fi\/en\/kiesiman-kylayhdistyksen-mokki\/\" \/>\n<meta property=\"og:locale\" content=\"en_US\" \/>\n<meta property=\"og:type\" content=\"article\" \/>\n<meta property=\"og:title\" content=\"Kiesim\u00e4n kyl\u00e4yhdistyksen m\u00f6kki - Visit Kerkonkoski\" \/>\n<meta property=\"og:description\" content=\"Perinteist\u00e4 suomalaista m\u00f6kkimajoitusta kuvakauniin\u00a0Kiesim\u00e4j\u00e4rven rannalla. Moni on viett\u00e4nyt lapsuuden kesi\u00e4\u00e4n Kiesim\u00e4n m\u00f6kin kaltaisessa tunnelmassa. M\u00f6kki sijaitsee aivan Kiesim\u00e4n kanavan l\u00e4heisyydess\u00e4, kauniin Kiesim\u00e4n rannalla. Hinnat: 220\u20ac\/vko, 100\u20ac\/vkl, 40\u20ac\/vrk Tuotto menee kyl\u00e4yhdistyksen [&hellip;]\" \/>\n<meta property=\"og:url\" content=\"https:\/\/visitkerkonkoski.fi\/en\/kiesiman-kylayhdistyksen-mokki\/\" \/>\n<meta property=\"og:site_name\" content=\"Visit Kerkonkoski\" \/>\n<meta property=\"article:published_time\" content=\"2022-07-12T19:35:13+00:00\" \/>\n<meta property=\"article:modified_time\" content=\"2025-04-22T11:40:37+00:00\" \/>\n<meta property=\"og:image\" content=\"https:\/\/visitkerkonkoski.fi\/wp-content\/uploads\/kiesiman-mokki-scaled.jpg\" \/>\n\t<meta property=\"og:image:width\" content=\"2560\" \/>\n\t<meta property=\"og:image:height\" content=\"1707\" \/>\n\t<meta property=\"og:image:type\" content=\"image\/jpeg\" \/>\n<meta name=\"author\" content=\"admin\" \/>\n<meta name=\"twitter:card\" content=\"summary_large_image\" \/>\n<meta name=\"twitter:label1\" content=\"Written by\" \/>\n\t<meta name=\"twitter:data1\" content=\"admin\" \/>\n\t<meta name=\"twitter:label2\" content=\"Est. reading time\" \/>\n\t<meta name=\"twitter:data2\" content=\"2 minutes\" \/>\n<script type=\"application\/ld+json\" class=\"yoast-schema-graph\">{\"@context\":\"https:\/\/schema.org\",\"@graph\":[{\"@type\":\"WebPage\",\"@id\":\"https:\/\/visitkerkonkoski.fi\/kiesiman-kylayhdistyksen-mokki\/\",\"url\":\"https:\/\/visitkerkonkoski.fi\/kiesiman-kylayhdistyksen-mokki\/\",\"name\":\"Kiesim\u00e4n kyl\u00e4yhdistyksen m\u00f6kki - Visit Kerkonkoski\",\"isPartOf\":{\"@id\":\"https:\/\/visitkerkonkoski.fi\/#website\"},\"datePublished\":\"2022-07-12T19:35:13+00:00\",\"dateModified\":\"2025-04-22T11:40:37+00:00\",\"author\":{\"@id\":\"https:\/\/visitkerkonkoski.fi\/#\/schema\/person\/2f0aa13da035ff4a7e87efb3c9940355\"},\"breadcrumb\":{\"@id\":\"https:\/\/visitkerkonkoski.fi\/kiesiman-kylayhdistyksen-mokki\/#breadcrumb\"},\"inLanguage\":\"en-US\",\"potentialAction\":[{\"@type\":\"ReadAction\",\"target\":[\"https:\/\/visitkerkonkoski.fi\/kiesiman-kylayhdistyksen-mokki\/\"]}]},{\"@type\":\"BreadcrumbList\",\"@id\":\"https:\/\/visitkerkonkoski.fi\/kiesiman-kylayhdistyksen-mokki\/#breadcrumb\",\"itemListElement\":[{\"@type\":\"ListItem\",\"position\":1,\"name\":\"Etusivu\",\"item\":\"https:\/\/visitkerkonkoski.fi\/\"},{\"@type\":\"ListItem\",\"position\":2,\"name\":\"Kiesim\u00e4n kyl\u00e4yhdistyksen m\u00f6kki\"}]},{\"@type\":\"WebSite\",\"@id\":\"https:\/\/visitkerkonkoski.fi\/#website\",\"url\":\"https:\/\/visitkerkonkoski.fi\/\",\"name\":\"Visit Kerkonkoski\",\"description\":\"Kerkonkosken virallinen matkailusivusto\",\"potentialAction\":[{\"@type\":\"SearchAction\",\"target\":{\"@type\":\"EntryPoint\",\"urlTemplate\":\"https:\/\/visitkerkonkoski.fi\/?s={search_term_string}\"},\"query-input\":{\"@type\":\"PropertyValueSpecification\",\"valueRequired\":true,\"valueName\":\"search_term_string\"}}],\"inLanguage\":\"en-US\"},{\"@type\":\"Person\",\"@id\":\"https:\/\/visitkerkonkoski.fi\/#\/schema\/person\/2f0aa13da035ff4a7e87efb3c9940355\",\"name\":\"admin\",\"url\":\"https:\/\/visitkerkonkoski.fi\/en\/author\/admin\/\"}]}<\/script>\n<!-- \/ Yoast SEO plugin. -->","yoast_head_json":{"title":"Kiesim\u00e4n kyl\u00e4yhdistyksen m\u00f6kki - Visit Kerkonkoski","robots":{"index":"index","follow":"follow","max-snippet":"max-snippet:-1","max-image-preview":"max-image-preview:large","max-video-preview":"max-video-preview:-1"},"canonical":"https:\/\/visitkerkonkoski.fi\/en\/kiesiman-kylayhdistyksen-mokki\/","og_locale":"en_US","og_type":"article","og_title":"Kiesim\u00e4n kyl\u00e4yhdistyksen m\u00f6kki - Visit Kerkonkoski","og_description":"Perinteist\u00e4 suomalaista m\u00f6kkimajoitusta kuvakauniin\u00a0Kiesim\u00e4j\u00e4rven rannalla. Moni on viett\u00e4nyt lapsuuden kesi\u00e4\u00e4n Kiesim\u00e4n m\u00f6kin kaltaisessa tunnelmassa. M\u00f6kki sijaitsee aivan Kiesim\u00e4n kanavan l\u00e4heisyydess\u00e4, kauniin Kiesim\u00e4n rannalla. Hinnat: 220\u20ac\/vko, 100\u20ac\/vkl, 40\u20ac\/vrk Tuotto menee kyl\u00e4yhdistyksen [&hellip;]","og_url":"https:\/\/visitkerkonkoski.fi\/en\/kiesiman-kylayhdistyksen-mokki\/","og_site_name":"Visit Kerkonkoski","article_published_time":"2022-07-12T19:35:13+00:00","article_modified_time":"2025-04-22T11:40:37+00:00","og_image":[{"width":2560,"height":1707,"url":"https:\/\/visitkerkonkoski.fi\/wp-content\/uploads\/kiesiman-mokki-scaled.jpg","type":"image\/jpeg"}],"author":"admin","twitter_card":"summary_large_image","twitter_misc":{"Written by":"admin","Est. reading time":"2 minutes"},"schema":{"@context":"https:\/\/schema.org","@graph":[{"@type":"WebPage","@id":"https:\/\/visitkerkonkoski.fi\/kiesiman-kylayhdistyksen-mokki\/","url":"https:\/\/visitkerkonkoski.fi\/kiesiman-kylayhdistyksen-mokki\/","name":"Kiesim\u00e4n kyl\u00e4yhdistyksen m\u00f6kki - Visit Kerkonkoski","isPartOf":{"@id":"https:\/\/visitkerkonkoski.fi\/#website"},"datePublished":"2022-07-12T19:35:13+00:00","dateModified":"2025-04-22T11:40:37+00:00","author":{"@id":"https:\/\/visitkerkonkoski.fi\/#\/schema\/person\/2f0aa13da035ff4a7e87efb3c9940355"},"breadcrumb":{"@id":"https:\/\/visitkerkonkoski.fi\/kiesiman-kylayhdistyksen-mokki\/#breadcrumb"},"inLanguage":"en-US","potentialAction":[{"@type":"ReadAction","target":["https:\/\/visitkerkonkoski.fi\/kiesiman-kylayhdistyksen-mokki\/"]}]},{"@type":"BreadcrumbList","@id":"https:\/\/visitkerkonkoski.fi\/kiesiman-kylayhdistyksen-mokki\/#breadcrumb","itemListElement":[{"@type":"ListItem","position":1,"name":"Etusivu","item":"https:\/\/visitkerkonkoski.fi\/"},{"@type":"ListItem","position":2,"name":"Kiesim\u00e4n kyl\u00e4yhdistyksen m\u00f6kki"}]},{"@type":"WebSite","@id":"https:\/\/visitkerkonkoski.fi\/#website","url":"https:\/\/visitkerkonkoski.fi\/","name":"Visit Kerkonkoski","description":"Kerkonkosken virallinen matkailusivusto","potentialAction":[{"@type":"SearchAction","target":{"@type":"EntryPoint","urlTemplate":"https:\/\/visitkerkonkoski.fi\/?s={search_term_string}"},"query-input":{"@type":"PropertyValueSpecification","valueRequired":true,"valueName":"search_term_string"}}],"inLanguage":"en-US"},{"@type":"Person","@id":"https:\/\/visitkerkonkoski.fi\/#\/schema\/person\/2f0aa13da035ff4a7e87efb3c9940355","name":"admin","url":"https:\/\/visitkerkonkoski.fi\/en\/author\/admin\/"}]}},"_links":{"self":[{"href":"https:\/\/visitkerkonkoski.fi\/en\/wp-json\/wp\/v2\/posts\/515","targetHints":{"allow":["GET"]}}],"collection":[{"href":"https:\/\/visitkerkonkoski.fi\/en\/wp-json\/wp\/v2\/posts"}],"about":[{"href":"https:\/\/visitkerkonkoski.fi\/en\/wp-json\/wp\/v2\/types\/post"}],"author":[{"embeddable":true,"href":"https:\/\/visitkerkonkoski.fi\/en\/wp-json\/wp\/v2\/users\/1"}],"replies":[{"embeddable":true,"href":"https:\/\/visitkerkonkoski.fi\/en\/wp-json\/wp\/v2\/comments?post=515"}],"version-history":[{"count":21,"href":"https:\/\/visitkerkonkoski.fi\/en\/wp-json\/wp\/v2\/posts\/515\/revisions"}],"predecessor-version":[{"id":4448,"href":"https:\/\/visitkerkonkoski.fi\/en\/wp-json\/wp\/v2\/posts\/515\/revisions\/4448"}],"wp:attachment":[{"href":"https:\/\/visitkerkonkoski.fi\/en\/wp-json\/wp\/v2\/media?parent=515"}],"wp:term":[{"taxonomy":"category","embeddable":true,"href":"https:\/\/visitkerkonkoski.fi\/en\/wp-json\/wp\/v2\/categories?post=515"},{"taxonomy":"post_tag","embeddable":true,"href":"https:\/\/visitkerkonkoski.fi\/en\/wp-json\/wp\/v2\/tags?post=515"}],"curies":[{"name":"wp","href":"https:\/\/api.w.org\/{rel}","templated":true}]}}